{"id":251,"date":"2023-11-11T14:12:59","date_gmt":"2023-11-11T13:12:59","guid":{"rendered":"https:\/\/www.photoclub-verson.fr\/wordpress\/?p=251"},"modified":"2024-01-20T19:59:52","modified_gmt":"2024-01-20T18:59:52","slug":"carte-interactive-nature","status":"publish","type":"post","link":"https:\/\/www.photoclub-verson.fr\/wordpress\/2023\/11\/11\/carte-interactive-nature\/","title":{"rendered":"Carte interactive Nature"},"content":{"rendered":"\n<figure class=\"wp-block-image size-full\"><img loading=\"lazy\" decoding=\"async\" width=\"864\" height=\"864\" src=\"https:\/\/www.photoclub-verson.fr\/wordpress\/wp-content\/uploads\/2023\/11\/TEST-SITE-1-11.jpg\" alt=\"\" class=\"wp-image-252\" srcset=\"https:\/\/www.photoclub-verson.fr\/wordpress\/wp-content\/uploads\/2023\/11\/TEST-SITE-1-11.jpg 864w, https:\/\/www.photoclub-verson.fr\/wordpress\/wp-content\/uploads\/2023\/11\/TEST-SITE-1-11-300x300.jpg 300w, https:\/\/www.photoclub-verson.fr\/wordpress\/wp-content\/uploads\/2023\/11\/TEST-SITE-1-11-150x150.jpg 150w, https:\/\/www.photoclub-verson.fr\/wordpress\/wp-content\/uploads\/2023\/11\/TEST-SITE-1-11-768x768.jpg 768w, https:\/\/www.photoclub-verson.fr\/wordpress\/wp-content\/uploads\/2023\/11\/TEST-SITE-1-11-270x270.jpg 270w\" sizes=\"auto, (max-width: 864px) 100vw, 864px\" \/><\/figure>\n\n\n<p><span lang=\"FR\" style=\"mso-ansi-language: FR;\">La section Nature du club propose une carte interactive qui permet de r\u00e9pertorier les diff\u00e9rents lieux o\u00f9 l&rsquo;on peut observer la faune et la flore locale dans la r\u00e9gion. Cette carte est priv\u00e9e et strictement r\u00e9serv\u00e9e aux adh\u00e9rents du Photo Club de Verson.<\/span><\/p>\n<p><!-- \/wp:post-content --><!-- wp:paragraph --><\/p>\n<p><!-- \/wp:paragraph --><\/p>\n<p><!-- wp:paragraph --><\/p>\n<ul>\n<li><a href=\"https:\/\/www.photoclub-verson.fr\/wordpress\/activites\/nature\/carte-interactive\/\">Carte interactive<\/a> (priv\u00e9e)<\/li>\n<\/ul>\n<p><!-- \/wp:paragraph --><\/p>","protected":false},"excerpt":{"rendered":"<p>La section Nature du club propose une carte interactive qui permet de r\u00e9pertorier les diff\u00e9rents lieux o\u00f9 l&rsquo;on peut observer la faune et la flore locale dans la r\u00e9gion. Cette carte est priv\u00e9e et strictement r\u00e9serv\u00e9e aux adh\u00e9rents du Photo Club de Verson. Carte interactive (priv\u00e9e)<\/p>\n","protected":false},"author":2,"featured_media":252,"comment_status":"open","ping_status":"open","sticky":false,"template":"","format":"standard","meta":{"footnotes":""},"categories":[1],"tags":[],"class_list":["post-251","post","type-post","status-publish","format-standard","has-post-thumbnail","hentry","category-non-classe"],"_links":{"self":[{"href":"https:\/\/www.photoclub-verson.fr\/wordpress\/wp-json\/wp\/v2\/posts\/251","targetHints":{"allow":["GET"]}}],"collection":[{"href":"https:\/\/www.photoclub-verson.fr\/wordpress\/wp-json\/wp\/v2\/posts"}],"about":[{"href":"https:\/\/www.photoclub-verson.fr\/wordpress\/wp-json\/wp\/v2\/types\/post"}],"author":[{"embeddable":true,"href":"https:\/\/www.photoclub-verson.fr\/wordpress\/wp-json\/wp\/v2\/users\/2"}],"replies":[{"embeddable":true,"href":"https:\/\/www.photoclub-verson.fr\/wordpress\/wp-json\/wp\/v2\/comments?post=251"}],"version-history":[{"count":6,"href":"https:\/\/www.photoclub-verson.fr\/wordpress\/wp-json\/wp\/v2\/posts\/251\/revisions"}],"predecessor-version":[{"id":542,"href":"https:\/\/www.photoclub-verson.fr\/wordpress\/wp-json\/wp\/v2\/posts\/251\/revisions\/542"}],"wp:featuredmedia":[{"embeddable":true,"href":"https:\/\/www.photoclub-verson.fr\/wordpress\/wp-json\/wp\/v2\/media\/252"}],"wp:attachment":[{"href":"https:\/\/www.photoclub-verson.fr\/wordpress\/wp-json\/wp\/v2\/media?parent=251"}],"wp:term":[{"taxonomy":"category","embeddable":true,"href":"https:\/\/www.photoclub-verson.fr\/wordpress\/wp-json\/wp\/v2\/categories?post=251"},{"taxonomy":"post_tag","embeddable":true,"href":"https:\/\/www.photoclub-verson.fr\/wordpress\/wp-json\/wp\/v2\/tags?post=251"}],"curies":[{"name":"wp","href":"https:\/\/api.w.org\/{rel}","templated":true}]}}